{"id":239,"date":"2024-06-26T12:46:39","date_gmt":"2024-06-26T15:46:39","guid":{"rendered":"https:\/\/fithep-expoalimentaria.com.ar\/helado-fusion\/?p=239"},"modified":"2024-06-26T12:46:39","modified_gmt":"2024-06-26T15:46:39","slug":"que-piensa-carpigiani-de-la-mig","status":"publish","type":"post","link":"https:\/\/fithep-expoalimentaria.com.ar\/helado-fusion\/que-piensa-carpigiani-de-la-mig\/","title":{"rendered":"\u00bfQu\u00e9 piensa Carpigiani de la MIG?"},"content":{"rendered":"\n<p class=\"wp-block-paragraph\">Carpigiani, hist\u00f3rica empresa productora de m\u00e1quinas profesionales para helader\u00edas en la MIG 2023. Testimonio del responsable de la red Carpigiani en Alemania, el Dr. Esposito.<\/p>\n\n\n\n<figure class=\"wp-block-video\"><video height=\"1280\" style=\"aspect-ratio: 720 \/ 1280;\" width=\"720\" controls src=\"https:\/\/fithep-expoalimentaria.com.ar\/helado-fusion\/wp-content\/uploads\/2024\/06\/An88iln4apL2G92sFzScxhHXz_wSKIz5Ib87P0Yw6kViQBiHBB0VnLMyy5iWbhMoBFaidBh__Z3VXYax9A5lsf_O.mp4\"><\/video><\/figure>\n","protected":false},"excerpt":{"rendered":"<p>Carpigiani, hist\u00f3rica empresa productora de m\u00e1quinas profesionales para helader\u00edas en la MIG 2023. Testimonio del responsable de la red Carpigiani en Alemania, el Dr. Esposito.<\/p>\n","protected":false},"author":1,"featured_media":247,"comment_status":"open","ping_status":"open","sticky":true,"template":"","format":"standard","meta":{"footnotes":""},"categories":[10],"tags":[22,5],"class_list":["post-239","post","type-post","status-publish","format-standard","has-post-thumbnail","hentry","category-mig","tag-italia","tag-mig"],"_links":{"self":[{"href":"https:\/\/fithep-expoalimentaria.com.ar\/helado-fusion\/wp-json\/wp\/v2\/posts\/239","targetHints":{"allow":["GET"]}}],"collection":[{"href":"https:\/\/fithep-expoalimentaria.com.ar\/helado-fusion\/wp-json\/wp\/v2\/posts"}],"about":[{"href":"https:\/\/fithep-expoalimentaria.com.ar\/helado-fusion\/wp-json\/wp\/v2\/types\/post"}],"author":[{"embeddable":true,"href":"https:\/\/fithep-expoalimentaria.com.ar\/helado-fusion\/wp-json\/wp\/v2\/users\/1"}],"replies":[{"embeddable":true,"href":"https:\/\/fithep-expoalimentaria.com.ar\/helado-fusion\/wp-json\/wp\/v2\/comments?post=239"}],"version-history":[{"count":2,"href":"https:\/\/fithep-expoalimentaria.com.ar\/helado-fusion\/wp-json\/wp\/v2\/posts\/239\/revisions"}],"predecessor-version":[{"id":248,"href":"https:\/\/fithep-expoalimentaria.com.ar\/helado-fusion\/wp-json\/wp\/v2\/posts\/239\/revisions\/248"}],"wp:featuredmedia":[{"embeddable":true,"href":"https:\/\/fithep-expoalimentaria.com.ar\/helado-fusion\/wp-json\/wp\/v2\/media\/247"}],"wp:attachment":[{"href":"https:\/\/fithep-expoalimentaria.com.ar\/helado-fusion\/wp-json\/wp\/v2\/media?parent=239"}],"wp:term":[{"taxonomy":"category","embeddable":true,"href":"https:\/\/fithep-expoalimentaria.com.ar\/helado-fusion\/wp-json\/wp\/v2\/categories?post=239"},{"taxonomy":"post_tag","embeddable":true,"href":"https:\/\/fithep-expoalimentaria.com.ar\/helado-fusion\/wp-json\/wp\/v2\/tags?post=239"}],"curies":[{"name":"wp","href":"https:\/\/api.w.org\/{rel}","templated":true}]}}