{"id":1289,"date":"2026-09-04T20:48:46","date_gmt":"2026-09-04T23:48:46","guid":{"rendered":"https:\/\/fithep-expoalimentaria.com.ar\/helado-fusion\/?p=1289"},"modified":"2026-09-04T20:48:46","modified_gmt":"2026-09-04T23:48:46","slug":"amici-per-sempre-afadhya-ha-consegnato-a-publitec-una-targa-riconoscimento-per-i-suoi-60-anni-di-attivita","status":"publish","type":"post","link":"https:\/\/fithep-expoalimentaria.com.ar\/helado-fusion\/amici-per-sempre-afadhya-ha-consegnato-a-publitec-una-targa-riconoscimento-per-i-suoi-60-anni-di-attivita\/","title":{"rendered":"\u201cAmici per sempre\u201d: AFADHYA ha consegnato a Publitec una targa-riconoscimento per i suoi 60 anni di attivit\u00e0"},"content":{"rendered":"\n<p class=\"wp-block-paragraph\"><strong><em>L\u2019Associazione dei Produttori di Gelato e Affini, \u201cAFADHYA\u201d, ha organizzato lo scorso 28 agosto la sua affollatissima cena annuale, alla quale hanno partecipato gelatieri provenienti da tutto il Paese, nonch\u00e9 fornitori e rappresentanti di enti e aziende del settore e della gastronomia.<\/em><\/strong><\/p>\n\n\n\n<p class=\"wp-block-paragraph\">In tale occasione, il Presidente di AFADHYA, Sig. Maximiliano Maccarrone, ha consegnato ad Ana Mar\u00eda Galibert, Direttrice di Publitec, una targa-riconoscimento per la lunga attivit\u00e0 editoriale e fieristica sviluppata dal 1966.<\/p>\n\n\n\n<figure class=\"wp-block-image size-large is-resized\"><img fetchpriority=\"high\" decoding=\"async\" width=\"1024\" height=\"677\" src=\"https:\/\/fithep-expoalimentaria.com.ar\/helado-fusion\/wp-content\/uploads\/2026\/09\/image-edited-1024x677.jpeg\" alt=\"\" class=\"wp-image-1286\" style=\"width:667px;height:auto\" srcset=\"https:\/\/fithep-expoalimentaria.com.ar\/helado-fusion\/wp-content\/uploads\/2026\/09\/image-edited-1024x677.jpeg 1024w, https:\/\/fithep-expoalimentaria.com.ar\/helado-fusion\/wp-content\/uploads\/2026\/09\/image-edited-300x198.jpeg 300w, https:\/\/fithep-expoalimentaria.com.ar\/helado-fusion\/wp-content\/uploads\/2026\/09\/image-edited-768x508.jpeg 768w, https:\/\/fithep-expoalimentaria.com.ar\/helado-fusion\/wp-content\/uploads\/2026\/09\/image-edited.jpeg 1362w\" sizes=\"(max-width: 1024px) 100vw, 1024px\" \/><\/figure>\n\n\n\n<p class=\"wp-block-paragraph\"><\/p>\n\n\n\n<p class=\"wp-block-paragraph\">AFADHYA e Publitec condividono da decenni esperienze e iniziative comuni, attraverso le quali le attivit\u00e0 a favore del gelato artigianale hanno trovato spazio sulle riviste, in particolare su <em>Helader\u00eda Panader\u00eda Latinoamericana<\/em>, e nella fiera FITHEP.<\/p>\n\n\n\n<figure class=\"wp-block-image size-full is-resized\"><img decoding=\"async\" width=\"950\" height=\"634\" data-src=\"https:\/\/fithep-expoalimentaria.com.ar\/helado-fusion\/wp-content\/uploads\/2026\/09\/PLACA-60-anos-PUBLITEC-1-1.jpg\" alt=\"\" class=\"wp-image-1292 lazyload\" style=\"--smush-placeholder-width: 950px; --smush-placeholder-aspect-ratio: 950\/634;aspect-ratio:1.4984781081713885;width:665px;height:auto\" data-srcset=\"https:\/\/fithep-expoalimentaria.com.ar\/helado-fusion\/wp-content\/uploads\/2026\/09\/PLACA-60-anos-PUBLITEC-1-1.jpg 950w, https:\/\/fithep-expoalimentaria.com.ar\/helado-fusion\/wp-content\/uploads\/2026\/09\/PLACA-60-anos-PUBLITEC-1-1-300x200.jpg 300w, https:\/\/fithep-expoalimentaria.com.ar\/helado-fusion\/wp-content\/uploads\/2026\/09\/PLACA-60-anos-PUBLITEC-1-1-768x513.jpg 768w\" data-sizes=\"(max-width: 950px) 100vw, 950px\" src=\"data:image\/svg+xml;base64,PHN2ZyB3aWR0aD0iMSIgaGVpZ2h0PSIxIiB4bWxucz0iaHR0cDovL3d3dy53My5vcmcvMjAwMC9zdmciPjwvc3ZnPg==\" \/><\/figure>\n","protected":false},"excerpt":{"rendered":"<p>L\u2019Associazione dei Produttori di Gelato e Affini, \u201cAFADHYA\u201d, ha organizzato lo scorso 28 agosto la sua affollatissima cena annuale, alla quale hanno partecipato gelatieri provenienti da tutto il Paese, nonch\u00e9 fornitori e rappresentanti di enti e aziende del settore e della gastronomia.<\/p>\n","protected":false},"author":1,"featured_media":1284,"comment_status":"open","ping_status":"open","sticky":false,"template":"","format":"standard","meta":{"footnotes":""},"categories":[17,18],"tags":[23,19],"class_list":["post-1289","post","type-post","status-publish","format-standard","has-post-thumbnail","hentry","category-fithep","category-heladeros","tag-argentina","tag-heladeros"],"_links":{"self":[{"href":"https:\/\/fithep-expoalimentaria.com.ar\/helado-fusion\/wp-json\/wp\/v2\/posts\/1289","targetHints":{"allow":["GET"]}}],"collection":[{"href":"https:\/\/fithep-expoalimentaria.com.ar\/helado-fusion\/wp-json\/wp\/v2\/posts"}],"about":[{"href":"https:\/\/fithep-expoalimentaria.com.ar\/helado-fusion\/wp-json\/wp\/v2\/types\/post"}],"author":[{"embeddable":true,"href":"https:\/\/fithep-expoalimentaria.com.ar\/helado-fusion\/wp-json\/wp\/v2\/users\/1"}],"replies":[{"embeddable":true,"href":"https:\/\/fithep-expoalimentaria.com.ar\/helado-fusion\/wp-json\/wp\/v2\/comments?post=1289"}],"version-history":[{"count":1,"href":"https:\/\/fithep-expoalimentaria.com.ar\/helado-fusion\/wp-json\/wp\/v2\/posts\/1289\/revisions"}],"predecessor-version":[{"id":1293,"href":"https:\/\/fithep-expoalimentaria.com.ar\/helado-fusion\/wp-json\/wp\/v2\/posts\/1289\/revisions\/1293"}],"wp:featuredmedia":[{"embeddable":true,"href":"https:\/\/fithep-expoalimentaria.com.ar\/helado-fusion\/wp-json\/wp\/v2\/media\/1284"}],"wp:attachment":[{"href":"https:\/\/fithep-expoalimentaria.com.ar\/helado-fusion\/wp-json\/wp\/v2\/media?parent=1289"}],"wp:term":[{"taxonomy":"category","embeddable":true,"href":"https:\/\/fithep-expoalimentaria.com.ar\/helado-fusion\/wp-json\/wp\/v2\/categories?post=1289"},{"taxonomy":"post_tag","embeddable":true,"href":"https:\/\/fithep-expoalimentaria.com.ar\/helado-fusion\/wp-json\/wp\/v2\/tags?post=1289"}],"curies":[{"name":"wp","href":"https:\/\/api.w.org\/{rel}","templated":true}]}}