{"id":1283,"date":"2026-09-04T20:46:06","date_gmt":"2026-09-04T23:46:06","guid":{"rendered":"https:\/\/fithep-expoalimentaria.com.ar\/helado-fusion\/?p=1283"},"modified":"2026-09-04T20:46:06","modified_gmt":"2026-09-04T23:46:06","slug":"amigos-para-siempre-afadhya-entrego-a-publitec-una-placa-homenaje-por-sus-60-anos-de-trayectoria","status":"publish","type":"post","link":"https:\/\/fithep-expoalimentaria.com.ar\/helado-fusion\/amigos-para-siempre-afadhya-entrego-a-publitec-una-placa-homenaje-por-sus-60-anos-de-trayectoria\/","title":{"rendered":"\u201cAmigos para siempre\u201d: AFADHYA entreg\u00f3 a Publitec una placa-homenaje por sus 60 a\u00f1os de trayectoria"},"content":{"rendered":"\n<p class=\"wp-block-paragraph\"><strong><em>La Asociaci\u00f3n Fabricantes de Helados y Afines, \u201cAFADHYA\u201d, realiz\u00f3 el pasado 28 de agosto su multitudinaria cena anual en donde participaron heladeros de todo el pa\u00eds, as\u00ed como tambi\u00e9n proveedores y entidades del sector y de la gastronom\u00eda.<\/em><\/strong><\/p>\n\n\n\n<figure class=\"wp-block-image size-large is-resized\"><img fetchpriority=\"high\" decoding=\"async\" width=\"1362\" height=\"901\" src=\"https:\/\/fithep-expoalimentaria.com.ar\/helado-fusion\/wp-content\/uploads\/2026\/09\/image-edited.jpeg\" alt=\"\" class=\"wp-image-1286\" style=\"aspect-ratio:1.775811209439528;width:602px;height:auto\" srcset=\"https:\/\/fithep-expoalimentaria.com.ar\/helado-fusion\/wp-content\/uploads\/2026\/09\/image-edited.jpeg 1362w, https:\/\/fithep-expoalimentaria.com.ar\/helado-fusion\/wp-content\/uploads\/2026\/09\/image-edited-300x198.jpeg 300w, https:\/\/fithep-expoalimentaria.com.ar\/helado-fusion\/wp-content\/uploads\/2026\/09\/image-edited-1024x677.jpeg 1024w, https:\/\/fithep-expoalimentaria.com.ar\/helado-fusion\/wp-content\/uploads\/2026\/09\/image-edited-768x508.jpeg 768w\" sizes=\"(max-width: 1362px) 100vw, 1362px\" \/><\/figure>\n\n\n\n<p class=\"wp-block-paragraph\">En esa oportunidad, el presidente de AFADHYA, Sr. Maximiliano Maccarrone, entreg\u00f3 a Ana Mar\u00eda Galibert, Directora de Publitec, una placa de reconocimiento por la trayectoria editorial y ferial que viene desarrollando desde 1966.<\/p>\n\n\n\n<p class=\"wp-block-paragraph\">AFADHYA y Publitec vienen compartiendo d\u00e9cadas de experiencias conjuntas, en donde las acciones a favor del helado artesanal se replicaron en las revistas, especialmente en Helader\u00eda Panader\u00eda Latinoamericana, y en la feria FITHEP.<\/p>\n\n\n\n<figure class=\"wp-block-image size-full\"><img decoding=\"async\" width=\"950\" height=\"634\" data-src=\"https:\/\/fithep-expoalimentaria.com.ar\/helado-fusion\/wp-content\/uploads\/2026\/09\/PLACA-60-anos-PUBLITEC-1.jpg\" alt=\"\" class=\"wp-image-1287 lazyload\" data-srcset=\"https:\/\/fithep-expoalimentaria.com.ar\/helado-fusion\/wp-content\/uploads\/2026\/09\/PLACA-60-anos-PUBLITEC-1.jpg 950w, https:\/\/fithep-expoalimentaria.com.ar\/helado-fusion\/wp-content\/uploads\/2026\/09\/PLACA-60-anos-PUBLITEC-1-300x200.jpg 300w, https:\/\/fithep-expoalimentaria.com.ar\/helado-fusion\/wp-content\/uploads\/2026\/09\/PLACA-60-anos-PUBLITEC-1-768x513.jpg 768w\" data-sizes=\"(max-width: 950px) 100vw, 950px\" src=\"data:image\/svg+xml;base64,PHN2ZyB3aWR0aD0iMSIgaGVpZ2h0PSIxIiB4bWxucz0iaHR0cDovL3d3dy53My5vcmcvMjAwMC9zdmciPjwvc3ZnPg==\" style=\"--smush-placeholder-width: 950px; --smush-placeholder-aspect-ratio: 950\/634;\" \/><\/figure>\n","protected":false},"excerpt":{"rendered":"<p>La Asociaci\u00f3n Fabricantes de Helados y Afines, \u201cAFADHYA\u201d, realiz\u00f3 el pasado 28 de agosto su multitudinaria cena anual en donde participaron heladeros de todo el pa\u00eds, as\u00ed como tambi\u00e9n proveedores y entidades del sector y de la gastronom\u00eda.<\/p>\n","protected":false},"author":1,"featured_media":1284,"comment_status":"open","ping_status":"open","sticky":false,"template":"","format":"standard","meta":{"footnotes":""},"categories":[17,18],"tags":[23,34,19],"class_list":["post-1283","post","type-post","status-publish","format-standard","has-post-thumbnail","hentry","category-fithep","category-heladeros","tag-argentina","tag-fithep","tag-heladeros"],"_links":{"self":[{"href":"https:\/\/fithep-expoalimentaria.com.ar\/helado-fusion\/wp-json\/wp\/v2\/posts\/1283","targetHints":{"allow":["GET"]}}],"collection":[{"href":"https:\/\/fithep-expoalimentaria.com.ar\/helado-fusion\/wp-json\/wp\/v2\/posts"}],"about":[{"href":"https:\/\/fithep-expoalimentaria.com.ar\/helado-fusion\/wp-json\/wp\/v2\/types\/post"}],"author":[{"embeddable":true,"href":"https:\/\/fithep-expoalimentaria.com.ar\/helado-fusion\/wp-json\/wp\/v2\/users\/1"}],"replies":[{"embeddable":true,"href":"https:\/\/fithep-expoalimentaria.com.ar\/helado-fusion\/wp-json\/wp\/v2\/comments?post=1283"}],"version-history":[{"count":1,"href":"https:\/\/fithep-expoalimentaria.com.ar\/helado-fusion\/wp-json\/wp\/v2\/posts\/1283\/revisions"}],"predecessor-version":[{"id":1288,"href":"https:\/\/fithep-expoalimentaria.com.ar\/helado-fusion\/wp-json\/wp\/v2\/posts\/1283\/revisions\/1288"}],"wp:featuredmedia":[{"embeddable":true,"href":"https:\/\/fithep-expoalimentaria.com.ar\/helado-fusion\/wp-json\/wp\/v2\/media\/1284"}],"wp:attachment":[{"href":"https:\/\/fithep-expoalimentaria.com.ar\/helado-fusion\/wp-json\/wp\/v2\/media?parent=1283"}],"wp:term":[{"taxonomy":"category","embeddable":true,"href":"https:\/\/fithep-expoalimentaria.com.ar\/helado-fusion\/wp-json\/wp\/v2\/categories?post=1283"},{"taxonomy":"post_tag","embeddable":true,"href":"https:\/\/fithep-expoalimentaria.com.ar\/helado-fusion\/wp-json\/wp\/v2\/tags?post=1283"}],"curies":[{"name":"wp","href":"https:\/\/api.w.org\/{rel}","templated":true}]}}