{"id":1279,"date":"2026-08-31T08:24:00","date_gmt":"2026-08-31T11:24:00","guid":{"rendered":"https:\/\/fithep-expoalimentaria.com.ar\/helado-fusion\/?p=1279"},"modified":"2026-08-26T13:51:45","modified_gmt":"2026-08-26T16:51:45","slug":"experto-en-helado-nutricional-martino-liuzzi-nombrado-presidente-de-la-asociacion-cafe-literario-federiciano","status":"publish","type":"post","link":"https:\/\/fithep-expoalimentaria.com.ar\/helado-fusion\/experto-en-helado-nutricional-martino-liuzzi-nombrado-presidente-de-la-asociacion-cafe-literario-federiciano\/","title":{"rendered":"Experto en Helado Nutricional Martino Liuzzi, nombrado Presidente de la Asociaci\u00f3n Caf\u00e9 Literario Federiciano"},"content":{"rendered":"\n<p class=\"wp-block-paragraph\">En Ancona se fortalece el Caff\u00e8 Letterario Federiciano con el nombramiento de Martino Liuzzi como Presidente.<\/p>\n\n\n\n<p class=\"wp-block-paragraph\">El nombramiento de Martino Liuzzi se produce tras la entrega del Premio Federico II y, posteriormente, su investidura como Caballero Templario Federiciano.<\/p>\n\n\n\n<p class=\"wp-block-paragraph\">Martino Liuzzi se distingue por su compromiso con la sociedad, con las instituciones educativas y por sus investigaciones cient\u00edficas en el \u00e1mbito de la Nutrici\u00f3n. Pero su objetivo est\u00e1 orientado a despertar en los j\u00f3venes el valor moral. Hoy tenemos la necesidad de involucrar a los j\u00f3venes para que sigan con entusiasmo y pasi\u00f3n los estudios, apoyados por el proceso educativo de los docentes o educadores que los conduzcan por el camino de ser conscientes de mirar hacia un futuro con determinaci\u00f3n, esp\u00edritu de iniciativa, capacidad de integraci\u00f3n y respeto por los dem\u00e1s.&nbsp;<\/p>\n\n\n\n<p class=\"wp-block-paragraph\">El Caff\u00e8 Letterario Federiciano est\u00e1 as\u00ed compuesto por personas dotadas de experiencia y pasi\u00f3n, capaces de involucrar tanto con la palabra como con los hechos, para indicarles el camino de su vida laboral y social. Todo ello ligado a la fe, a la pasi\u00f3n y a la obediencia.<\/p>\n\n\n\n<p class=\"wp-block-paragraph\">El trabajo no es un sacrificio. La relaci\u00f3n con los dem\u00e1s es la creaci\u00f3n de esa pasi\u00f3n que cada joven pone para alcanzar sus objetivos.<\/p>\n\n\n\n<p class=\"wp-block-paragraph\">Los encuentros, cuidadosamente evaluados por los organizadores del Caff\u00e8 Letterario Federiciano, tratar\u00e1n diversos temas que abarcan el mundo social, educativo y laboral, con respeto hacia todos.<\/p>\n\n\n\n<p class=\"wp-block-paragraph\"><strong>Temas que se tratar\u00e1n:<\/strong><\/p>\n\n\n\n<p class=\"wp-block-paragraph\">Literatura, Historia, M\u00fasica, Arquitectura, Moda y Dise\u00f1o, Gastronom\u00eda, Arte blanco (Pasteler\u00eda, Panader\u00eda, Helader\u00eda), Medicina, Alimentos y Nutrici\u00f3n, Deporte, Periodismo.<br>Comportamientos: educaci\u00f3n infantil, educaci\u00f3n primaria, educaci\u00f3n secundaria, educaci\u00f3n superior, Universidad<br>Relaciones con las familias<br>Relaciones del familiar con el paciente en el domicilio<br>Nuevas pautas de comportamiento para las personas mayores (en el domicilio o en instituciones)<br>Disertaciones sobre las nuevas normas y sus aplicaciones legales<br>Todo esto contribuir\u00eda a fortalecer los territorios en los que se trabaja, con la contribuci\u00f3n de los dem\u00e1s pa\u00edses extranjeros que nos observan.<\/p>\n\n\n\n<p class=\"wp-block-paragraph\"><\/p>\n\n\n\n<figure class=\"wp-block-image size-full\"><img fetchpriority=\"high\" decoding=\"async\" width=\"310\" height=\"216\" src=\"https:\/\/fithep-expoalimentaria.com.ar\/helado-fusion\/wp-content\/uploads\/2026\/08\/image.png\" alt=\"\" class=\"wp-image-1277\" srcset=\"https:\/\/fithep-expoalimentaria.com.ar\/helado-fusion\/wp-content\/uploads\/2026\/08\/image.png 310w, https:\/\/fithep-expoalimentaria.com.ar\/helado-fusion\/wp-content\/uploads\/2026\/08\/image-300x209.png 300w\" sizes=\"(max-width: 310px) 100vw, 310px\" \/><\/figure>\n","protected":false},"excerpt":{"rendered":"<p>En Ancona se fortalece el Caff\u00e8 Letterario Federiciano con el nombramiento de Martino Liuzzi como Presidente.<\/p>\n","protected":false},"author":1,"featured_media":1280,"comment_status":"open","ping_status":"open","sticky":false,"template":"","format":"standard","meta":{"footnotes":""},"categories":[18],"tags":[36,19],"class_list":["post-1279","post","type-post","status-publish","format-standard","has-post-thumbnail","hentry","category-heladeros","tag-europa","tag-heladeros"],"_links":{"self":[{"href":"https:\/\/fithep-expoalimentaria.com.ar\/helado-fusion\/wp-json\/wp\/v2\/posts\/1279","targetHints":{"allow":["GET"]}}],"collection":[{"href":"https:\/\/fithep-expoalimentaria.com.ar\/helado-fusion\/wp-json\/wp\/v2\/posts"}],"about":[{"href":"https:\/\/fithep-expoalimentaria.com.ar\/helado-fusion\/wp-json\/wp\/v2\/types\/post"}],"author":[{"embeddable":true,"href":"https:\/\/fithep-expoalimentaria.com.ar\/helado-fusion\/wp-json\/wp\/v2\/users\/1"}],"replies":[{"embeddable":true,"href":"https:\/\/fithep-expoalimentaria.com.ar\/helado-fusion\/wp-json\/wp\/v2\/comments?post=1279"}],"version-history":[{"count":1,"href":"https:\/\/fithep-expoalimentaria.com.ar\/helado-fusion\/wp-json\/wp\/v2\/posts\/1279\/revisions"}],"predecessor-version":[{"id":1281,"href":"https:\/\/fithep-expoalimentaria.com.ar\/helado-fusion\/wp-json\/wp\/v2\/posts\/1279\/revisions\/1281"}],"wp:featuredmedia":[{"embeddable":true,"href":"https:\/\/fithep-expoalimentaria.com.ar\/helado-fusion\/wp-json\/wp\/v2\/media\/1280"}],"wp:attachment":[{"href":"https:\/\/fithep-expoalimentaria.com.ar\/helado-fusion\/wp-json\/wp\/v2\/media?parent=1279"}],"wp:term":[{"taxonomy":"category","embeddable":true,"href":"https:\/\/fithep-expoalimentaria.com.ar\/helado-fusion\/wp-json\/wp\/v2\/categories?post=1279"},{"taxonomy":"post_tag","embeddable":true,"href":"https:\/\/fithep-expoalimentaria.com.ar\/helado-fusion\/wp-json\/wp\/v2\/tags?post=1279"}],"curies":[{"name":"wp","href":"https:\/\/api.w.org\/{rel}","templated":true}]}}