{"id":1275,"date":"2026-08-31T08:42:00","date_gmt":"2026-08-31T11:42:00","guid":{"rendered":"https:\/\/fithep-expoalimentaria.com.ar\/helado-fusion\/?p=1275"},"modified":"2026-08-26T13:47:29","modified_gmt":"2026-08-26T16:47:29","slug":"esperto-in-gelato-nutrizionale-martino-liuzzi-nominato-presidente-dellassociazione-caffe-letterario-federiciano","status":"publish","type":"post","link":"https:\/\/fithep-expoalimentaria.com.ar\/helado-fusion\/esperto-in-gelato-nutrizionale-martino-liuzzi-nominato-presidente-dellassociazione-caffe-letterario-federiciano\/","title":{"rendered":"Esperto in Gelato Nutrizionale Martino Liuzzi, nominato Presidente Dell&#8217;Associazione Caff\u00e8 Letterario Federiciano"},"content":{"rendered":"\n<p class=\"wp-block-paragraph\">Ad Ancona si rafforza il Caff\u00e8 Letterario Federiciano con la nomina di Martino Liuzzi a Presidente.<\/p>\n\n\n\n<p class=\"wp-block-paragraph\">La nomina di Martino Liuzzi viene affidata a seguito della consegna del Premio Federico II e a seguire la sua investitura a Cavaliere Templare Federiciano.<\/p>\n\n\n\n<p class=\"wp-block-paragraph\">Martino Liuzzi si distingue per il suo impegno nel sociale , nelle istituzioni scolastiche, per le sue ricerche scientifiche nell\u2019ambito della Nutrizione. Ma il suo obiettivo \u00e8 rivolto a risvegliare nei giovani il valore morale! Abbiamo oggi la necessit\u00e0 di coinvolgere i giovani a seguire con entusiasmo e passione gli studi sostenuti dal processo educativo degli insegnanti o educatori che li portino sulla via dell\u2019essere cosciente di guardare ad un futuro con determinazione , spirito di iniziativa, aggregazione, rispetto per il prossimo.&nbsp;<\/p>\n\n\n\n<p class=\"wp-block-paragraph\">Il Caff\u00e8 Letterario Federiciano \u00e8 cos\u00ec composto da elementi dotati di esperienza e passione in grado di coinvolgere con la parola e con i fatti atti a indicare la strada della loro vita lavorativa e sociale. Il tutto legato alla fede, alla passione ed all\u2019ubbidienza.<\/p>\n\n\n\n<p class=\"wp-block-paragraph\">Il lavoro non \u00e8 un sacrificio. Il rapporto con gli altri \u00e8 la creazione di quella passione che ogni giovane mette per raggiungere gli obiettivi.<\/p>\n\n\n\n<p class=\"wp-block-paragraph\">Gli incontri ben valutati dagli organizzatori del Caff\u00e8 Letterario Federiciano tratteranno diversi argomenti che abbracciano il mondo sociale, educativo e del lavoro nel rispetto di tutti.<\/p>\n\n\n\n<p class=\"wp-block-paragraph\"><strong>Argomenti che verranno trattati:<\/strong><br>Letteratura, Storia, Musica, Architettura, Moda e Design, Ristorazione, Arte bianca (Pasticceria, Panificazione, Gelateria), Medicina,\u00a0 Alimenti e Nutrizione,\u00a0 Sport, Giornalismo.<br>Comportamenti : scuola dell\u2019infanzia, scuola primaria, scuola secondaria, scuola superiore, Universit\u00e0<br>Rapporti con le famiglie<br>Rapporti del familiare col paziente a domicilio<br>Nuove ricette comportamentali sulle persone anziane ( a domicilio o in istituti)<br>Dissertazioni sulle nuove norme ed applicazioni legali<br>Tutto questo rafforzerebbe i territori in cui si opera con il contributo degli altri paesi stranieri che ci stanno a guardare.<\/p>\n\n\n\n<p class=\"wp-block-paragraph\"><\/p>\n\n\n\n<figure class=\"wp-block-image size-full\"><img fetchpriority=\"high\" decoding=\"async\" width=\"310\" height=\"216\" src=\"https:\/\/fithep-expoalimentaria.com.ar\/helado-fusion\/wp-content\/uploads\/2026\/08\/image.png\" alt=\"\" class=\"wp-image-1277\" srcset=\"https:\/\/fithep-expoalimentaria.com.ar\/helado-fusion\/wp-content\/uploads\/2026\/08\/image.png 310w, https:\/\/fithep-expoalimentaria.com.ar\/helado-fusion\/wp-content\/uploads\/2026\/08\/image-300x209.png 300w\" sizes=\"(max-width: 310px) 100vw, 310px\" \/><\/figure>\n","protected":false},"excerpt":{"rendered":"<p>Ad Ancona si rafforza il Caff\u00e8 Letterario Federiciano con la nomina di Martino Liuzzi a Presidente.<\/p>\n","protected":false},"author":1,"featured_media":1276,"comment_status":"open","ping_status":"open","sticky":false,"template":"","format":"standard","meta":{"footnotes":""},"categories":[18],"tags":[19],"class_list":["post-1275","post","type-post","status-publish","format-standard","has-post-thumbnail","hentry","category-heladeros","tag-heladeros"],"_links":{"self":[{"href":"https:\/\/fithep-expoalimentaria.com.ar\/helado-fusion\/wp-json\/wp\/v2\/posts\/1275","targetHints":{"allow":["GET"]}}],"collection":[{"href":"https:\/\/fithep-expoalimentaria.com.ar\/helado-fusion\/wp-json\/wp\/v2\/posts"}],"about":[{"href":"https:\/\/fithep-expoalimentaria.com.ar\/helado-fusion\/wp-json\/wp\/v2\/types\/post"}],"author":[{"embeddable":true,"href":"https:\/\/fithep-expoalimentaria.com.ar\/helado-fusion\/wp-json\/wp\/v2\/users\/1"}],"replies":[{"embeddable":true,"href":"https:\/\/fithep-expoalimentaria.com.ar\/helado-fusion\/wp-json\/wp\/v2\/comments?post=1275"}],"version-history":[{"count":1,"href":"https:\/\/fithep-expoalimentaria.com.ar\/helado-fusion\/wp-json\/wp\/v2\/posts\/1275\/revisions"}],"predecessor-version":[{"id":1278,"href":"https:\/\/fithep-expoalimentaria.com.ar\/helado-fusion\/wp-json\/wp\/v2\/posts\/1275\/revisions\/1278"}],"wp:featuredmedia":[{"embeddable":true,"href":"https:\/\/fithep-expoalimentaria.com.ar\/helado-fusion\/wp-json\/wp\/v2\/media\/1276"}],"wp:attachment":[{"href":"https:\/\/fithep-expoalimentaria.com.ar\/helado-fusion\/wp-json\/wp\/v2\/media?parent=1275"}],"wp:term":[{"taxonomy":"category","embeddable":true,"href":"https:\/\/fithep-expoalimentaria.com.ar\/helado-fusion\/wp-json\/wp\/v2\/categories?post=1275"},{"taxonomy":"post_tag","embeddable":true,"href":"https:\/\/fithep-expoalimentaria.com.ar\/helado-fusion\/wp-json\/wp\/v2\/tags?post=1275"}],"curies":[{"name":"wp","href":"https:\/\/api.w.org\/{rel}","templated":true}]}}